{"id":2690,"date":"2025-08-01T20:13:47","date_gmt":"2025-08-02T01:13:47","guid":{"rendered":"https:\/\/iespadreabad.edu.pe\/?p=2690"},"modified":"2025-08-04T11:29:51","modified_gmt":"2025-08-04T16:29:51","slug":"proyeccion-social-junta-vecinal-miguel-grau","status":"publish","type":"post","link":"https:\/\/focused-fuchsia-sloth.173-249-54-60.cpanel.site\/?p=2690","title":{"rendered":"Proyecci\u00f3n social Junta Vecinal Miguel Grau"},"content":{"rendered":"\t\t<div data-elementor-type=\"wp-post\" data-elementor-id=\"2690\" class=\"elementor elementor-2690\" data-elementor-post-type=\"post\">\n\t\t\t\t<div class=\"elementor-element elementor-element-d2d5674 e-flex e-con-boxed e-con e-parent\" data-id=\"d2d5674\" data-element_type=\"container\" data-e-type=\"container\" data-settings=\"{&quot;background_background&quot;:&quot;classic&quot;}\">\n\t\t\t\t\t<div class=\"e-con-inner\">\n\t\t<div class=\"elementor-element elementor-element-1bbabeb e-con-full e-flex e-con e-child\" data-id=\"1bbabeb\" data-element_type=\"container\" data-e-type=\"container\">\n\t\t\t\t<div class=\"elementor-element elementor-element-5828912 elementor-widget elementor-widget-heading\" data-id=\"5828912\" data-element_type=\"widget\" data-e-type=\"widget\" data-widget_type=\"heading.default\">\n\t\t\t\t<div class=\"elementor-widget-container\">\n\t\t\t\t\t<h4 class=\"elementor-heading-title elementor-size-default\">Proyecci\u00f3n social:<\/h4>\t\t\t\t<\/div>\n\t\t\t\t<\/div>\n\t\t\t\t<div class=\"elementor-element elementor-element-ece84d5 elementor-widget elementor-widget-heading\" data-id=\"ece84d5\" data-element_type=\"widget\" data-e-type=\"widget\" data-widget_type=\"heading.default\">\n\t\t\t\t<div class=\"elementor-widget-container\">\n\t\t\t\t\t<h2 class=\"elementor-heading-title elementor-size-default\">Junta Vecinal Miguel Grau<\/h2>\t\t\t\t<\/div>\n\t\t\t\t<\/div>\n\t\t\t\t<div class=\"elementor-element elementor-element-2956693 elementor-widget-divider--view-line elementor-widget elementor-widget-divider\" data-id=\"2956693\" data-element_type=\"widget\" data-e-type=\"widget\" data-widget_type=\"divider.default\">\n\t\t\t\t<div class=\"elementor-widget-container\">\n\t\t\t\t\t\t\t<div class=\"elementor-divider\">\n\t\t\t<span class=\"elementor-divider-separator\">\n\t\t\t\t\t\t<\/span>\n\t\t<\/div>\n\t\t\t\t\t\t<\/div>\n\t\t\t\t<\/div>\n\t\t\t\t<div class=\"elementor-element elementor-element-1bc00bb elementor-widget__width-initial elementor-widget elementor-widget-text-editor\" data-id=\"1bc00bb\" data-element_type=\"widget\" data-e-type=\"widget\" data-widget_type=\"text-editor.default\">\n\t\t\t\t<div class=\"elementor-widget-container\">\n\t\t\t\t\t\t\t\t\t<p style=\"text-align: justify;\" data-start=\"920\" data-end=\"1155\"><strong>Los alumnos de Enfermer\u00eda<\/strong> T\u00e9cnica realizaron una destacada proyecci\u00f3n social en la <strong>Junta Vecinal Miguel Grau<\/strong>, demostrando solidaridad y compromiso con la comunidad. Su participaci\u00f3n voluntaria permiti\u00f3 brindar orientaci\u00f3n en salud, fortaleciendo la formaci\u00f3n profesional y el esp\u00edritu de servicio hacia los sectores m\u00e1s necesitados de la poblaci\u00f3n.<\/p><p>\u00a0<\/p>\t\t\t\t\t\t\t\t<\/div>\n\t\t\t\t<\/div>\n\t\t<div class=\"elementor-element elementor-element-27fd2a2 e-con-full e-flex e-con e-child\" data-id=\"27fd2a2\" data-element_type=\"container\" data-e-type=\"container\">\n\t\t\t\t<div class=\"elementor-element elementor-element-012fe67 elementor-widget elementor-widget-premium-img-gallery\" data-id=\"012fe67\" data-element_type=\"widget\" data-e-type=\"widget\" data-settings=\"{&quot;premium_gallery_img_content&quot;:[{&quot;_id&quot;:&quot;f027e59&quot;,&quot;premium_gallery_img&quot;:{&quot;url&quot;:&quot;https:\\\/\\\/focused-fuchsia-sloth.173-249-54-60.cpanel.site\\\/wp-content\\\/uploads\\\/2025\\\/08\\\/Junta-Vecinal-Miguel-Grau-5-scaled.jpeg&quot;,&quot;id&quot;:2694,&quot;size&quot;:&quot;&quot;,&quot;alt&quot;:&quot;&quot;,&quot;source&quot;:&quot;library&quot;},&quot;premium_gallery_img_name&quot;:&quot;Proyecci\\u00f3n social JV Miguel Grau 1&quot;,&quot;premium_gallery_image_cell&quot;:{&quot;unit&quot;:&quot;px&quot;,&quot;size&quot;:4,&quot;sizes&quot;:[]},&quot;premium_gallery_image_cell_tablet&quot;:{&quot;unit&quot;:&quot;px&quot;,&quot;size&quot;:&quot;&quot;,&quot;sizes&quot;:[]},&quot;premium_gallery_image_cell_mobile&quot;:{&quot;unit&quot;:&quot;px&quot;,&quot;size&quot;:&quot;&quot;,&quot;sizes&quot;:[]},&quot;premium_gallery_image_vcell&quot;:{&quot;unit&quot;:&quot;px&quot;,&quot;size&quot;:4,&quot;sizes&quot;:[]},&quot;premium_gallery_image_vcell_tablet&quot;:{&quot;unit&quot;:&quot;px&quot;,&quot;size&quot;:&quot;&quot;,&quot;sizes&quot;:[]},&quot;premium_gallery_image_vcell_mobile&quot;:{&quot;unit&quot;:&quot;px&quot;,&quot;size&quot;:&quot;&quot;,&quot;sizes&quot;:[]},&quot;premium_gallery_video&quot;:&quot;&quot;,&quot;premium_gallery_video_type&quot;:null,&quot;premium_gallery_video_url&quot;:null,&quot;premium_gallery_video_self&quot;:null,&quot;premium_gallery_video_self_url&quot;:null,&quot;premium_gallery_video_controls&quot;:null,&quot;premium_gallery_video_mute&quot;:null,&quot;premium_gallery_video_loop&quot;:null,&quot;download_button&quot;:null,&quot;privacy_mode&quot;:null,&quot;premmium_gallery_img_info&quot;:&quot;&quot;,&quot;premium_gallery_img_desc&quot;:&quot;&quot;,&quot;premium_gallery_img_category&quot;:&quot;&quot;,&quot;premium_gallery_img_link_type&quot;:&quot;url&quot;,&quot;premium_gallery_img_link&quot;:{&quot;url&quot;:&quot;&quot;,&quot;is_external&quot;:&quot;&quot;,&quot;nofollow&quot;:&quot;&quot;,&quot;custom_attributes&quot;:&quot;&quot;},&quot;premium_gallery_img_existing&quot;:null,&quot;premium_gallery_link_whole&quot;:&quot;&quot;,&quot;premium_gallery_lightbox_whole&quot;:&quot;&quot;},{&quot;_id&quot;:&quot;2f2ac1d&quot;,&quot;premium_gallery_img&quot;:{&quot;url&quot;:&quot;https:\\\/\\\/focused-fuchsia-sloth.173-249-54-60.cpanel.site\\\/wp-content\\\/uploads\\\/2025\\\/08\\\/Junta-Vecinal-Miguel-Grau-6-scaled.jpeg&quot;,&quot;id&quot;:2728,&quot;size&quot;:&quot;&quot;,&quot;alt&quot;:&quot;&quot;,&quot;source&quot;:&quot;library&quot;},&quot;premium_gallery_img_name&quot;:&quot;Proyecci\\u00f3n social JV Miguel Grau 2&quot;,&quot;premium_gallery_image_cell&quot;:{&quot;unit&quot;:&quot;px&quot;,&quot;size&quot;:4,&quot;sizes&quot;:[]},&quot;premium_gallery_image_cell_tablet&quot;:{&quot;unit&quot;:&quot;px&quot;,&quot;size&quot;:&quot;&quot;,&quot;sizes&quot;:[]},&quot;premium_gallery_image_cell_mobile&quot;:{&quot;unit&quot;:&quot;px&quot;,&quot;size&quot;:&quot;&quot;,&quot;sizes&quot;:[]},&quot;premium_gallery_image_vcell&quot;:{&quot;unit&quot;:&quot;px&quot;,&quot;size&quot;:4,&quot;sizes&quot;:[]},&quot;premium_gallery_image_vcell_tablet&quot;:{&quot;unit&quot;:&quot;px&quot;,&quot;size&quot;:&quot;&quot;,&quot;sizes&quot;:[]},&quot;premium_gallery_image_vcell_mobile&quot;:{&quot;unit&quot;:&quot;px&quot;,&quot;size&quot;:&quot;&quot;,&quot;sizes&quot;:[]},&quot;premium_gallery_video&quot;:&quot;&quot;,&quot;premium_gallery_video_type&quot;:null,&quot;premium_gallery_video_url&quot;:null,&quot;premium_gallery_video_self&quot;:null,&quot;premium_gallery_video_self_url&quot;:null,&quot;premium_gallery_video_controls&quot;:null,&quot;premium_gallery_video_mute&quot;:null,&quot;premium_gallery_video_loop&quot;:null,&quot;download_button&quot;:null,&quot;privacy_mode&quot;:null,&quot;premmium_gallery_img_info&quot;:&quot;&quot;,&quot;premium_gallery_img_desc&quot;:&quot;&quot;,&quot;premium_gallery_img_category&quot;:&quot;&quot;,&quot;premium_gallery_img_link_type&quot;:&quot;url&quot;,&quot;premium_gallery_img_link&quot;:{&quot;url&quot;:&quot;&quot;,&quot;is_external&quot;:&quot;&quot;,&quot;nofollow&quot;:&quot;&quot;,&quot;custom_attributes&quot;:&quot;&quot;},&quot;premium_gallery_img_existing&quot;:null,&quot;premium_gallery_link_whole&quot;:&quot;&quot;,&quot;premium_gallery_lightbox_whole&quot;:&quot;&quot;},{&quot;_id&quot;:&quot;62bafdb&quot;,&quot;premium_gallery_img&quot;:{&quot;url&quot;:&quot;https:\\\/\\\/focused-fuchsia-sloth.173-249-54-60.cpanel.site\\\/wp-content\\\/uploads\\\/2025\\\/08\\\/Junta-Vecinal-Miguel-Grau-4-scaled.jpeg&quot;,&quot;id&quot;:2716,&quot;size&quot;:&quot;&quot;,&quot;alt&quot;:&quot;&quot;,&quot;source&quot;:&quot;library&quot;},&quot;premium_gallery_img_name&quot;:&quot;Proyecci\\u00f3n social JV Miguel Grau 3&quot;,&quot;premium_gallery_image_cell&quot;:{&quot;unit&quot;:&quot;px&quot;,&quot;size&quot;:4,&quot;sizes&quot;:[]},&quot;premium_gallery_image_cell_tablet&quot;:{&quot;unit&quot;:&quot;px&quot;,&quot;size&quot;:&quot;&quot;,&quot;sizes&quot;:[]},&quot;premium_gallery_image_cell_mobile&quot;:{&quot;unit&quot;:&quot;px&quot;,&quot;size&quot;:&quot;&quot;,&quot;sizes&quot;:[]},&quot;premium_gallery_image_vcell&quot;:{&quot;unit&quot;:&quot;px&quot;,&quot;size&quot;:4,&quot;sizes&quot;:[]},&quot;premium_gallery_image_vcell_tablet&quot;:{&quot;unit&quot;:&quot;px&quot;,&quot;size&quot;:&quot;&quot;,&quot;sizes&quot;:[]},&quot;premium_gallery_image_vcell_mobile&quot;:{&quot;unit&quot;:&quot;px&quot;,&quot;size&quot;:&quot;&quot;,&quot;sizes&quot;:[]},&quot;premium_gallery_video&quot;:&quot;&quot;,&quot;premium_gallery_video_type&quot;:null,&quot;premium_gallery_video_url&quot;:null,&quot;premium_gallery_video_self&quot;:null,&quot;premium_gallery_video_self_url&quot;:null,&quot;premium_gallery_video_controls&quot;:null,&quot;premium_gallery_video_mute&quot;:null,&quot;premium_gallery_video_loop&quot;:null,&quot;download_button&quot;:null,&quot;privacy_mode&quot;:null,&quot;premmium_gallery_img_info&quot;:&quot;&quot;,&quot;premium_gallery_img_desc&quot;:&quot;&quot;,&quot;premium_gallery_img_category&quot;:&quot;&quot;,&quot;premium_gallery_img_link_type&quot;:&quot;url&quot;,&quot;premium_gallery_img_link&quot;:{&quot;url&quot;:&quot;&quot;,&quot;is_external&quot;:&quot;&quot;,&quot;nofollow&quot;:&quot;&quot;,&quot;custom_attributes&quot;:&quot;&quot;},&quot;premium_gallery_img_existing&quot;:null,&quot;premium_gallery_link_whole&quot;:&quot;&quot;,&quot;premium_gallery_lightbox_whole&quot;:&quot;&quot;}]}\" data-widget_type=\"premium-img-gallery.default\">\n\t\t\t\t<div class=\"elementor-widget-container\">\n\t\t\t\t\t\n\t<div id=\"premium-img-gallery-012fe67\" class=\"elementor-invisible premium-img-gallery premium-img-gallery-fitRows zoomin\">\n\t\t\n\t\t<div class=\"premium-gallery-container\" data-settings=\"{&quot;img_size&quot;:&quot;fitRows&quot;,&quot;filter&quot;:&quot;&quot;,&quot;theme&quot;:null,&quot;active_cat&quot;:&quot;*&quot;,&quot;ltr_mode&quot;:true,&quot;shuffle&quot;:false,&quot;sort_by&quot;:&quot;original-order&quot;,&quot;skin&quot;:&quot;style2&quot;,&quot;light_box&quot;:&quot;yes&quot;,&quot;lightbox_type&quot;:&quot;yes&quot;,&quot;overlay&quot;:false}\">\n\n\t\t\t\t\t\t\t<div class=\"premium-gallery-item elementor-repeater-item-f027e59 \">\n\t\t\t\t<div class=\"pa-gallery-img style2\" onclick=\"\">\n\t\t\t\t\t<div class=\"pa-gallery-img-container\">\n\t\t\t\t\t\t\t\t<img fetchpriority=\"high\" decoding=\"async\" width=\"2560\" height=\"1144\" src=\"https:\/\/focused-fuchsia-sloth.173-249-54-60.cpanel.site\/wp-content\/uploads\/2025\/08\/Junta-Vecinal-Miguel-Grau-5-scaled.jpeg\" class=\"attachment-full size-full wp-image-2694\" alt=\"\" srcset=\"https:\/\/focused-fuchsia-sloth.173-249-54-60.cpanel.site\/wp-content\/uploads\/2025\/08\/Junta-Vecinal-Miguel-Grau-5-scaled.jpeg 2560w, https:\/\/focused-fuchsia-sloth.173-249-54-60.cpanel.site\/wp-content\/uploads\/2025\/08\/Junta-Vecinal-Miguel-Grau-5-300x134.jpeg 300w, https:\/\/focused-fuchsia-sloth.173-249-54-60.cpanel.site\/wp-content\/uploads\/2025\/08\/Junta-Vecinal-Miguel-Grau-5-1024x458.jpeg 1024w, https:\/\/focused-fuchsia-sloth.173-249-54-60.cpanel.site\/wp-content\/uploads\/2025\/08\/Junta-Vecinal-Miguel-Grau-5-768x343.jpeg 768w, https:\/\/focused-fuchsia-sloth.173-249-54-60.cpanel.site\/wp-content\/uploads\/2025\/08\/Junta-Vecinal-Miguel-Grau-5-1536x687.jpeg 1536w, https:\/\/focused-fuchsia-sloth.173-249-54-60.cpanel.site\/wp-content\/uploads\/2025\/08\/Junta-Vecinal-Miguel-Grau-5-2048x916.jpeg 2048w\" sizes=\"(max-width: 2560px) 100vw, 2560px\" \/>\t\t\t\t\t\t\t<\/div>\n\t\t\t\t\t\t\t\t\t\t\t<div class=\"pa-gallery-icons-caption-container\">\n\t\t\t\t\t\t\t<div class=\"pa-gallery-icons-caption-cell\">\n\t\t\t\t\t\t\t\t\n\t\t\t\t\t<a class=\"pa-gallery-magnific-image\" href=\"https:\/\/focused-fuchsia-sloth.173-249-54-60.cpanel.site\/wp-content\/uploads\/2025\/08\/Junta-Vecinal-Miguel-Grau-5-scaled.jpeg\" data-elementor-open-lightbox=\"yes\" data-elementor-lightbox-slideshow=\"012fe67\" data-elementor-lightbox-title=\"Junta Vecinal Miguel Grau 5\">\n\t\t\t\t\t\t<span>\n\t\t\t\t\t\t\t<svg aria-hidden=\"true\" class=\"e-font-icon-svg e-fas-search\" viewBox=\"0 0 512 512\" xmlns=\"http:\/\/www.w3.org\/2000\/svg\"><path d=\"M505 442.7L405.3 343c-4.5-4.5-10.6-7-17-7H372c27.6-35.3 44-79.7 44-128C416 93.1 322.9 0 208 0S0 93.1 0 208s93.1 208 208 208c48.3 0 92.7-16.4 128-44v16.3c0 6.4 2.5 12.5 7 17l99.7 99.7c9.4 9.4 24.6 9.4 33.9 0l28.3-28.3c9.4-9.4 9.4-24.6.1-34zM208 336c-70.7 0-128-57.2-128-128 0-70.7 57.2-128 128-128 70.7 0 128 57.2 128 128 0 70.7-57.2 128-128 128z\"><\/path><\/svg>\t\t\t\t\t\t<\/span>\n\t\t\t\t\t<\/a>\n\t\t\t\t\t\t\t<div class=\"premium-gallery-caption\">\n\n\t\t\t\t\t\t\t\t\t<span class=\"premium-gallery-img-name\">Proyecci\u00f3n social JV Miguel Grau 1<\/span>\n\t\t\t\t\t\n\t\t\t<\/div>\n\t\t\t\t\t\t\t\t\t\t<\/div>\n\t\t\t\t\t\t<\/div>\n\t\t\t\t\t\t\t\t\t\t<\/div>\n\t\t\t<\/div>\n\t\t\t\t\t\t\t<div class=\"premium-gallery-item elementor-repeater-item-2f2ac1d \">\n\t\t\t\t<div class=\"pa-gallery-img style2\" onclick=\"\">\n\t\t\t\t\t<div class=\"pa-gallery-img-container\">\n\t\t\t\t\t\t\t\t<img decoding=\"async\" width=\"2560\" height=\"1183\" src=\"https:\/\/focused-fuchsia-sloth.173-249-54-60.cpanel.site\/wp-content\/uploads\/2025\/08\/Junta-Vecinal-Miguel-Grau-6-scaled.jpeg\" class=\"attachment-full size-full wp-image-2728\" alt=\"\" srcset=\"https:\/\/focused-fuchsia-sloth.173-249-54-60.cpanel.site\/wp-content\/uploads\/2025\/08\/Junta-Vecinal-Miguel-Grau-6-scaled.jpeg 2560w, https:\/\/focused-fuchsia-sloth.173-249-54-60.cpanel.site\/wp-content\/uploads\/2025\/08\/Junta-Vecinal-Miguel-Grau-6-300x139.jpeg 300w, https:\/\/focused-fuchsia-sloth.173-249-54-60.cpanel.site\/wp-content\/uploads\/2025\/08\/Junta-Vecinal-Miguel-Grau-6-1024x473.jpeg 1024w, https:\/\/focused-fuchsia-sloth.173-249-54-60.cpanel.site\/wp-content\/uploads\/2025\/08\/Junta-Vecinal-Miguel-Grau-6-768x355.jpeg 768w, https:\/\/focused-fuchsia-sloth.173-249-54-60.cpanel.site\/wp-content\/uploads\/2025\/08\/Junta-Vecinal-Miguel-Grau-6-1536x710.jpeg 1536w, https:\/\/focused-fuchsia-sloth.173-249-54-60.cpanel.site\/wp-content\/uploads\/2025\/08\/Junta-Vecinal-Miguel-Grau-6-2048x946.jpeg 2048w\" sizes=\"(max-width: 2560px) 100vw, 2560px\" \/>\t\t\t\t\t\t\t<\/div>\n\t\t\t\t\t\t\t\t\t\t\t<div class=\"pa-gallery-icons-caption-container\">\n\t\t\t\t\t\t\t<div class=\"pa-gallery-icons-caption-cell\">\n\t\t\t\t\t\t\t\t\n\t\t\t\t\t<a class=\"pa-gallery-magnific-image\" href=\"https:\/\/focused-fuchsia-sloth.173-249-54-60.cpanel.site\/wp-content\/uploads\/2025\/08\/Junta-Vecinal-Miguel-Grau-6-scaled.jpeg\" data-elementor-open-lightbox=\"yes\" data-elementor-lightbox-slideshow=\"012fe67\" data-elementor-lightbox-title=\"Junta Vecinal Miguel Grau 6\">\n\t\t\t\t\t\t<span>\n\t\t\t\t\t\t\t<svg aria-hidden=\"true\" class=\"e-font-icon-svg e-fas-search\" viewBox=\"0 0 512 512\" xmlns=\"http:\/\/www.w3.org\/2000\/svg\"><path d=\"M505 442.7L405.3 343c-4.5-4.5-10.6-7-17-7H372c27.6-35.3 44-79.7 44-128C416 93.1 322.9 0 208 0S0 93.1 0 208s93.1 208 208 208c48.3 0 92.7-16.4 128-44v16.3c0 6.4 2.5 12.5 7 17l99.7 99.7c9.4 9.4 24.6 9.4 33.9 0l28.3-28.3c9.4-9.4 9.4-24.6.1-34zM208 336c-70.7 0-128-57.2-128-128 0-70.7 57.2-128 128-128 70.7 0 128 57.2 128 128 0 70.7-57.2 128-128 128z\"><\/path><\/svg>\t\t\t\t\t\t<\/span>\n\t\t\t\t\t<\/a>\n\t\t\t\t\t\t\t<div class=\"premium-gallery-caption\">\n\n\t\t\t\t\t\t\t\t\t<span class=\"premium-gallery-img-name\">Proyecci\u00f3n social JV Miguel Grau 2<\/span>\n\t\t\t\t\t\n\t\t\t<\/div>\n\t\t\t\t\t\t\t\t\t\t<\/div>\n\t\t\t\t\t\t<\/div>\n\t\t\t\t\t\t\t\t\t\t<\/div>\n\t\t\t<\/div>\n\t\t\t\t\t\t\t<div class=\"premium-gallery-item elementor-repeater-item-62bafdb \">\n\t\t\t\t<div class=\"pa-gallery-img style2\" onclick=\"\">\n\t\t\t\t\t<div class=\"pa-gallery-img-container\">\n\t\t\t\t\t\t\t\t<img decoding=\"async\" width=\"2560\" height=\"1144\" src=\"https:\/\/focused-fuchsia-sloth.173-249-54-60.cpanel.site\/wp-content\/uploads\/2025\/08\/Junta-Vecinal-Miguel-Grau-4-scaled.jpeg\" class=\"attachment-full size-full wp-image-2716\" alt=\"\" srcset=\"https:\/\/focused-fuchsia-sloth.173-249-54-60.cpanel.site\/wp-content\/uploads\/2025\/08\/Junta-Vecinal-Miguel-Grau-4-scaled.jpeg 2560w, https:\/\/focused-fuchsia-sloth.173-249-54-60.cpanel.site\/wp-content\/uploads\/2025\/08\/Junta-Vecinal-Miguel-Grau-4-300x134.jpeg 300w, https:\/\/focused-fuchsia-sloth.173-249-54-60.cpanel.site\/wp-content\/uploads\/2025\/08\/Junta-Vecinal-Miguel-Grau-4-1024x458.jpeg 1024w, https:\/\/focused-fuchsia-sloth.173-249-54-60.cpanel.site\/wp-content\/uploads\/2025\/08\/Junta-Vecinal-Miguel-Grau-4-768x343.jpeg 768w, https:\/\/focused-fuchsia-sloth.173-249-54-60.cpanel.site\/wp-content\/uploads\/2025\/08\/Junta-Vecinal-Miguel-Grau-4-1536x687.jpeg 1536w, https:\/\/focused-fuchsia-sloth.173-249-54-60.cpanel.site\/wp-content\/uploads\/2025\/08\/Junta-Vecinal-Miguel-Grau-4-2048x916.jpeg 2048w\" sizes=\"(max-width: 2560px) 100vw, 2560px\" \/>\t\t\t\t\t\t\t<\/div>\n\t\t\t\t\t\t\t\t\t\t\t<div class=\"pa-gallery-icons-caption-container\">\n\t\t\t\t\t\t\t<div class=\"pa-gallery-icons-caption-cell\">\n\t\t\t\t\t\t\t\t\n\t\t\t\t\t<a class=\"pa-gallery-magnific-image\" href=\"https:\/\/focused-fuchsia-sloth.173-249-54-60.cpanel.site\/wp-content\/uploads\/2025\/08\/Junta-Vecinal-Miguel-Grau-4-scaled.jpeg\" data-elementor-open-lightbox=\"yes\" data-elementor-lightbox-slideshow=\"012fe67\" data-elementor-lightbox-title=\"Junta Vecinal Miguel Grau 4\">\n\t\t\t\t\t\t<span>\n\t\t\t\t\t\t\t<svg aria-hidden=\"true\" class=\"e-font-icon-svg e-fas-search\" viewBox=\"0 0 512 512\" xmlns=\"http:\/\/www.w3.org\/2000\/svg\"><path d=\"M505 442.7L405.3 343c-4.5-4.5-10.6-7-17-7H372c27.6-35.3 44-79.7 44-128C416 93.1 322.9 0 208 0S0 93.1 0 208s93.1 208 208 208c48.3 0 92.7-16.4 128-44v16.3c0 6.4 2.5 12.5 7 17l99.7 99.7c9.4 9.4 24.6 9.4 33.9 0l28.3-28.3c9.4-9.4 9.4-24.6.1-34zM208 336c-70.7 0-128-57.2-128-128 0-70.7 57.2-128 128-128 70.7 0 128 57.2 128 128 0 70.7-57.2 128-128 128z\"><\/path><\/svg>\t\t\t\t\t\t<\/span>\n\t\t\t\t\t<\/a>\n\t\t\t\t\t\t\t<div class=\"premium-gallery-caption\">\n\n\t\t\t\t\t\t\t\t\t<span class=\"premium-gallery-img-name\">Proyecci\u00f3n social JV Miguel Grau 3<\/span>\n\t\t\t\t\t\n\t\t\t<\/div>\n\t\t\t\t\t\t\t\t\t\t<\/div>\n\t\t\t\t\t\t<\/div>\n\t\t\t\t\t\t\t\t\t\t<\/div>\n\t\t\t<\/div>\n\t\t\t\n\t\t\t\t\t<\/div>\n\n\t\t\n\t<\/div>\n\n\t\t\n\t\t\n\t\t\t\t\t\t<\/div>\n\t\t\t\t<\/div>\n\t\t\t\t<\/div>\n\t\t\t\t<\/div>\n\t\t\t\t\t<\/div>\n\t\t\t\t<\/div>\n\t\t\t\t<\/div>\n\t\t","protected":false},"excerpt":{"rendered":"<p>Proyecci\u00f3n social: Junta Vecinal Miguel Grau Los alumnos de Enfermer\u00eda T\u00e9cnica realizaron una destacada proyecci\u00f3n social en la Junta Vecinal Miguel Grau, demostrando solidaridad y compromiso con la comunidad. Su participaci\u00f3n voluntaria permiti\u00f3 brindar orientaci\u00f3n en salud, fortaleciendo la formaci\u00f3n profesional y el esp\u00edritu de servicio hacia los sectores m\u00e1s necesitados de la poblaci\u00f3n. \u00a0 [&hellip;]<\/p>\n","protected":false},"author":2,"featured_media":2694,"comment_status":"closed","ping_status":"closed","sticky":false,"template":"","format":"standard","meta":{"footnotes":""},"categories":[6],"tags":[],"class_list":["post-2690","post","type-post","status-publish","format-standard","has-post-thumbnail","hentry","category-noticias"],"_links":{"self":[{"href":"https:\/\/focused-fuchsia-sloth.173-249-54-60.cpanel.site\/index.php?rest_route=\/wp\/v2\/posts\/2690","targetHints":{"allow":["GET"]}}],"collection":[{"href":"https:\/\/focused-fuchsia-sloth.173-249-54-60.cpanel.site\/index.php?rest_route=\/wp\/v2\/posts"}],"about":[{"href":"https:\/\/focused-fuchsia-sloth.173-249-54-60.cpanel.site\/index.php?rest_route=\/wp\/v2\/types\/post"}],"author":[{"embeddable":true,"href":"https:\/\/focused-fuchsia-sloth.173-249-54-60.cpanel.site\/index.php?rest_route=\/wp\/v2\/users\/2"}],"replies":[{"embeddable":true,"href":"https:\/\/focused-fuchsia-sloth.173-249-54-60.cpanel.site\/index.php?rest_route=%2Fwp%2Fv2%2Fcomments&post=2690"}],"version-history":[{"count":22,"href":"https:\/\/focused-fuchsia-sloth.173-249-54-60.cpanel.site\/index.php?rest_route=\/wp\/v2\/posts\/2690\/revisions"}],"predecessor-version":[{"id":2745,"href":"https:\/\/focused-fuchsia-sloth.173-249-54-60.cpanel.site\/index.php?rest_route=\/wp\/v2\/posts\/2690\/revisions\/2745"}],"wp:featuredmedia":[{"embeddable":true,"href":"https:\/\/focused-fuchsia-sloth.173-249-54-60.cpanel.site\/index.php?rest_route=\/wp\/v2\/media\/2694"}],"wp:attachment":[{"href":"https:\/\/focused-fuchsia-sloth.173-249-54-60.cpanel.site\/index.php?rest_route=%2Fwp%2Fv2%2Fmedia&parent=2690"}],"wp:term":[{"taxonomy":"category","embeddable":true,"href":"https:\/\/focused-fuchsia-sloth.173-249-54-60.cpanel.site\/index.php?rest_route=%2Fwp%2Fv2%2Fcategories&post=2690"},{"taxonomy":"post_tag","embeddable":true,"href":"https:\/\/focused-fuchsia-sloth.173-249-54-60.cpanel.site\/index.php?rest_route=%2Fwp%2Fv2%2Ftags&post=2690"}],"curies":[{"name":"wp","href":"https:\/\/api.w.org\/{rel}","templated":true}]}}