{"id":2784,"date":"2025-08-25T09:17:58","date_gmt":"2025-08-25T14:17:58","guid":{"rendered":"https:\/\/iespadreabad.edu.pe\/?p=2784"},"modified":"2025-09-25T11:23:44","modified_gmt":"2025-09-25T16:23:44","slug":"triptico-de-la-semana-tecnologica-2025","status":"publish","type":"post","link":"https:\/\/focused-fuchsia-sloth.173-249-54-60.cpanel.site\/?p=2784","title":{"rendered":"Tr\u00edptico de la semana tecnol\u00f3gica 2025"},"content":{"rendered":"\t\t<div data-elementor-type=\"wp-post\" data-elementor-id=\"2784\" class=\"elementor elementor-2784\" data-elementor-post-type=\"post\">\n\t\t\t\t<div class=\"elementor-element elementor-element-1c60742 e-flex e-con-boxed e-con e-parent\" data-id=\"1c60742\" data-element_type=\"container\" data-e-type=\"container\" data-settings=\"{&quot;background_background&quot;:&quot;classic&quot;}\">\n\t\t\t\t\t<div class=\"e-con-inner\">\n\t\t<div class=\"elementor-element elementor-element-4d352dc e-con-full e-flex e-con e-child\" data-id=\"4d352dc\" data-element_type=\"container\" data-e-type=\"container\">\n\t\t\t\t<div class=\"elementor-element elementor-element-c36f088 elementor-widget elementor-widget-heading\" data-id=\"c36f088\" data-element_type=\"widget\" data-e-type=\"widget\" data-widget_type=\"heading.default\">\n\t\t\t\t<div class=\"elementor-widget-container\">\n\t\t\t\t\t<h4 class=\"elementor-heading-title elementor-size-default\">Tr\u00edptico de la:<\/h4>\t\t\t\t<\/div>\n\t\t\t\t<\/div>\n\t\t\t\t<div class=\"elementor-element elementor-element-5c72e4f elementor-widget elementor-widget-heading\" data-id=\"5c72e4f\" data-element_type=\"widget\" data-e-type=\"widget\" data-widget_type=\"heading.default\">\n\t\t\t\t<div class=\"elementor-widget-container\">\n\t\t\t\t\t<h2 class=\"elementor-heading-title elementor-size-default\">Semana de la educaci\u00f3n tecnol\u00f3gica<\/h2>\t\t\t\t<\/div>\n\t\t\t\t<\/div>\n\t\t\t\t<div class=\"elementor-element elementor-element-c10ff00 elementor-widget-divider--view-line elementor-widget elementor-widget-divider\" data-id=\"c10ff00\" data-element_type=\"widget\" data-e-type=\"widget\" data-widget_type=\"divider.default\">\n\t\t\t\t<div class=\"elementor-widget-container\">\n\t\t\t\t\t\t\t<div class=\"elementor-divider\">\n\t\t\t<span class=\"elementor-divider-separator\">\n\t\t\t\t\t\t<\/span>\n\t\t<\/div>\n\t\t\t\t\t\t<\/div>\n\t\t\t\t<\/div>\n\t\t\t\t<div class=\"elementor-element elementor-element-447e276 elementor-widget__width-initial elementor-widget elementor-widget-text-editor\" data-id=\"447e276\" data-element_type=\"widget\" data-e-type=\"widget\" data-widget_type=\"text-editor.default\">\n\t\t\t\t<div class=\"elementor-widget-container\">\n\t\t\t\t\t\t\t\t\t<p style=\"text-align: justify;\" data-start=\"920\" data-end=\"1155\">Con gran entusiasmo se presenta el tr\u00edptico informativo de la <strong>Semana de la Educaci\u00f3n Tecnol\u00f3gica<\/strong>, en el cual se detallan las diversas actividades programadas para este importante evento acad\u00e9mico. Esta celebraci\u00f3n busca resaltar el valor de la innovaci\u00f3n, la creatividad y el desarrollo tecnol\u00f3gico en la formaci\u00f3n de los estudiantes.<\/p><p style=\"text-align: justify;\" data-start=\"920\" data-end=\"1155\">El tr\u00edptico ofrece una gu\u00eda clara del <strong>cronograma de actividades<\/strong>, como talleres, eventos art\u00edsticos, eventos deportivos, y otras actividades dise\u00f1adas para motivar a los alumnos a involucrarse activamente en experiencias de aprendizaje, din\u00e1micas de confraternizaci\u00f3n y aptitudes deportivas.<\/p><p style=\"text-align: justify;\" data-start=\"920\" data-end=\"1155\"><strong>Se invita a toda la comunidad estudiantil a ser parte de estas jornadas<\/strong>, participando con entusiasmo y compromiso en cada actividad.<\/p><p>\u00a0<\/p>\t\t\t\t\t\t\t\t<\/div>\n\t\t\t\t<\/div>\n\t\t<div class=\"elementor-element elementor-element-9382b1f e-con-full e-flex e-con e-child\" data-id=\"9382b1f\" data-element_type=\"container\" data-e-type=\"container\">\n\t\t\t\t<div class=\"elementor-element elementor-element-683e40a elementor-widget elementor-widget-pdfjs_viewer\" data-id=\"683e40a\" data-element_type=\"widget\" data-e-type=\"widget\" data-widget_type=\"pdfjs_viewer.default\">\n\t\t\t\t<div class=\"elementor-widget-container\">\n\t\t\t\t\t<iframe src=\"https:\/\/focused-fuchsia-sloth.173-249-54-60.cpanel.site\/wp-content\/plugins\/pdf-viewer-for-elementor\/assets\/pdfjs\/web\/viewer.html?file=https:\/\/focused-fuchsia-sloth.173-249-54-60.cpanel.site\/wp-content\/uploads\/2025\/09\/Triptico-Semana-de-la-Educacion-Tecnologica-2025-v6.pdf&amp;embedded=true\" style=\"display: block; margin-left: auto; margin-right: auto; width: 1100px; height: 1020px;\" frameborder=\"1\" marginheight=\"0px\" marginwidth=\"0px\" allowfullscreen><\/iframe>\t\t\t\t<\/div>\n\t\t\t\t<\/div>\n\t\t\t\t<\/div>\n\t\t\t\t<\/div>\n\t\t\t\t\t<\/div>\n\t\t\t\t<\/div>\n\t\t\t\t<\/div>\n\t\t","protected":false},"excerpt":{"rendered":"<p>Tr\u00edptico de la: Semana de la educaci\u00f3n tecnol\u00f3gica Con gran entusiasmo se presenta el tr\u00edptico informativo de la Semana de la Educaci\u00f3n Tecnol\u00f3gica, en el cual se detallan las diversas actividades programadas para este importante evento acad\u00e9mico. Esta celebraci\u00f3n busca resaltar el valor de la innovaci\u00f3n, la creatividad y el desarrollo tecnol\u00f3gico en la formaci\u00f3n [&hellip;]<\/p>\n","protected":false},"author":2,"featured_media":2891,"comment_status":"closed","ping_status":"closed","sticky":false,"template":"","format":"standard","meta":{"footnotes":""},"categories":[5,7,6],"tags":[],"class_list":["post-2784","post","type-post","status-publish","format-standard","has-post-thumbnail","hentry","category-capacitaciones","category-eventos","category-noticias"],"_links":{"self":[{"href":"https:\/\/focused-fuchsia-sloth.173-249-54-60.cpanel.site\/index.php?rest_route=\/wp\/v2\/posts\/2784","targetHints":{"allow":["GET"]}}],"collection":[{"href":"https:\/\/focused-fuchsia-sloth.173-249-54-60.cpanel.site\/index.php?rest_route=\/wp\/v2\/posts"}],"about":[{"href":"https:\/\/focused-fuchsia-sloth.173-249-54-60.cpanel.site\/index.php?rest_route=\/wp\/v2\/types\/post"}],"author":[{"embeddable":true,"href":"https:\/\/focused-fuchsia-sloth.173-249-54-60.cpanel.site\/index.php?rest_route=\/wp\/v2\/users\/2"}],"replies":[{"embeddable":true,"href":"https:\/\/focused-fuchsia-sloth.173-249-54-60.cpanel.site\/index.php?rest_route=%2Fwp%2Fv2%2Fcomments&post=2784"}],"version-history":[{"count":10,"href":"https:\/\/focused-fuchsia-sloth.173-249-54-60.cpanel.site\/index.php?rest_route=\/wp\/v2\/posts\/2784\/revisions"}],"predecessor-version":[{"id":2890,"href":"https:\/\/focused-fuchsia-sloth.173-249-54-60.cpanel.site\/index.php?rest_route=\/wp\/v2\/posts\/2784\/revisions\/2890"}],"wp:featuredmedia":[{"embeddable":true,"href":"https:\/\/focused-fuchsia-sloth.173-249-54-60.cpanel.site\/index.php?rest_route=\/wp\/v2\/media\/2891"}],"wp:attachment":[{"href":"https:\/\/focused-fuchsia-sloth.173-249-54-60.cpanel.site\/index.php?rest_route=%2Fwp%2Fv2%2Fmedia&parent=2784"}],"wp:term":[{"taxonomy":"category","embeddable":true,"href":"https:\/\/focused-fuchsia-sloth.173-249-54-60.cpanel.site\/index.php?rest_route=%2Fwp%2Fv2%2Fcategories&post=2784"},{"taxonomy":"post_tag","embeddable":true,"href":"https:\/\/focused-fuchsia-sloth.173-249-54-60.cpanel.site\/index.php?rest_route=%2Fwp%2Fv2%2Ftags&post=2784"}],"curies":[{"name":"wp","href":"https:\/\/api.w.org\/{rel}","templated":true}]}}