{"id":3993,"date":"2026-04-22T19:37:46","date_gmt":"2026-04-23T00:37:46","guid":{"rendered":"https:\/\/iespadreabad.edu.pe\/?p=3993"},"modified":"2026-04-22T20:00:07","modified_gmt":"2026-04-23T01:00:07","slug":"desarrollo-del-curso-taller-ofimatica-herramientas-digitales-iesppa-2026-i","status":"publish","type":"post","link":"https:\/\/focused-fuchsia-sloth.173-249-54-60.cpanel.site\/?p=3993","title":{"rendered":"Desarrollo del Curso Taller &#8211; OFIMATICA &#8211; Herramientas Digitales &#8211; IESPPA 2026 -I"},"content":{"rendered":"\t\t<div data-elementor-type=\"wp-post\" data-elementor-id=\"3993\" class=\"elementor elementor-3993\" data-elementor-post-type=\"post\">\n\t\t\t\t<div class=\"elementor-element elementor-element-9884abd e-flex e-con-boxed e-con e-parent\" data-id=\"9884abd\" data-element_type=\"container\" data-e-type=\"container\" data-settings=\"{&quot;background_background&quot;:&quot;classic&quot;}\">\n\t\t\t\t\t<div class=\"e-con-inner\">\n\t\t<div class=\"elementor-element elementor-element-1184b12 e-con-full e-flex e-con e-child\" data-id=\"1184b12\" data-element_type=\"container\" data-e-type=\"container\">\n\t\t\t\t<div class=\"elementor-element elementor-element-7e08780 elementor-widget elementor-widget-heading\" data-id=\"7e08780\" data-element_type=\"widget\" data-e-type=\"widget\" data-widget_type=\"heading.default\">\n\t\t\t\t<div class=\"elementor-widget-container\">\n\t\t\t\t\t<h4 class=\"elementor-heading-title elementor-size-default\">IESPPA - 2026 - I<\/h4>\t\t\t\t<\/div>\n\t\t\t\t<\/div>\n\t\t\t\t<div class=\"elementor-element elementor-element-fb90fed elementor-widget elementor-widget-heading\" data-id=\"fb90fed\" data-element_type=\"widget\" data-e-type=\"widget\" data-widget_type=\"heading.default\">\n\t\t\t\t<div class=\"elementor-widget-container\">\n\t\t\t\t\t<h2 class=\"elementor-heading-title elementor-size-default\">Desarrollo del Taller de OFIMATICA<\/h2>\t\t\t\t<\/div>\n\t\t\t\t<\/div>\n\t\t\t\t<div class=\"elementor-element elementor-element-5a3b103 elementor-widget-divider--view-line elementor-widget elementor-widget-divider\" data-id=\"5a3b103\" data-element_type=\"widget\" data-e-type=\"widget\" data-widget_type=\"divider.default\">\n\t\t\t\t<div class=\"elementor-widget-container\">\n\t\t\t\t\t\t\t<div class=\"elementor-divider\">\n\t\t\t<span class=\"elementor-divider-separator\">\n\t\t\t\t\t\t<\/span>\n\t\t<\/div>\n\t\t\t\t\t\t<\/div>\n\t\t\t\t<\/div>\n\t\t<div class=\"elementor-element elementor-element-5d326df e-flex e-con-boxed e-con e-child\" data-id=\"5d326df\" data-element_type=\"container\" data-e-type=\"container\">\n\t\t\t\t\t<div class=\"e-con-inner\">\n\t\t\t\t<div class=\"elementor-element elementor-element-88990d0 elementor-widget__width-initial elementor-widget elementor-widget-text-editor\" data-id=\"88990d0\" data-element_type=\"widget\" data-e-type=\"widget\" data-widget_type=\"text-editor.default\">\n\t\t\t\t<div class=\"elementor-widget-container\">\n\t\t\t\t\t\t\t\t\t<p>Desarrollo del <strong data-start=\"16\" data-end=\"39\">Taller de Ofim\u00e1tica<\/strong> de forma practica y din\u00e1mica aplicando herramientas digitales en situaciones reales del entorno profesional. Cada actividad fortalece competencias digitales clave que en la actualidad son indispensables para destacar en cualquier campo laboral.<br \/>Esto reci\u00e9n comienza: Prep\u00e1rate para las pr\u00f3ximas capacitaciones y sigue potenciando tu perfil profesional.<\/p>\t\t\t\t\t\t\t\t<\/div>\n\t\t\t\t<\/div>\n\t\t\t\t<div class=\"elementor-element elementor-element-aa0aa50 elementor-widget elementor-widget-premium-img-gallery\" data-id=\"aa0aa50\" data-element_type=\"widget\" data-e-type=\"widget\" data-settings=\"{&quot;premium_gallery_img_content&quot;:[{&quot;premium_gallery_img&quot;:{&quot;url&quot;:&quot;https:\\\/\\\/focused-fuchsia-sloth.173-249-54-60.cpanel.site\\\/wp-content\\\/uploads\\\/2026\\\/04\\\/TALLER-OFIMATICA_FOTO_03-scaled.jpg&quot;,&quot;id&quot;:3998,&quot;size&quot;:&quot;&quot;,&quot;alt&quot;:&quot;&quot;,&quot;source&quot;:&quot;library&quot;},&quot;premium_gallery_img_name&quot;:&quot;Inicio del Periodo Academico_2026_I&quot;,&quot;_id&quot;:&quot;90a35dd&quot;,&quot;premium_gallery_image_cell&quot;:{&quot;unit&quot;:&quot;px&quot;,&quot;size&quot;:4,&quot;sizes&quot;:[]},&quot;premium_gallery_image_cell_tablet&quot;:{&quot;unit&quot;:&quot;px&quot;,&quot;size&quot;:&quot;&quot;,&quot;sizes&quot;:[]},&quot;premium_gallery_image_cell_mobile&quot;:{&quot;unit&quot;:&quot;px&quot;,&quot;size&quot;:&quot;&quot;,&quot;sizes&quot;:[]},&quot;premium_gallery_image_vcell&quot;:{&quot;unit&quot;:&quot;px&quot;,&quot;size&quot;:4,&quot;sizes&quot;:[]},&quot;premium_gallery_image_vcell_tablet&quot;:{&quot;unit&quot;:&quot;px&quot;,&quot;size&quot;:&quot;&quot;,&quot;sizes&quot;:[]},&quot;premium_gallery_image_vcell_mobile&quot;:{&quot;unit&quot;:&quot;px&quot;,&quot;size&quot;:&quot;&quot;,&quot;sizes&quot;:[]},&quot;premium_gallery_video&quot;:&quot;&quot;,&quot;premium_gallery_video_type&quot;:null,&quot;premium_gallery_video_url&quot;:null,&quot;premium_gallery_video_self&quot;:null,&quot;premium_gallery_video_self_url&quot;:null,&quot;premium_gallery_video_controls&quot;:null,&quot;premium_gallery_video_mute&quot;:null,&quot;premium_gallery_video_loop&quot;:null,&quot;download_button&quot;:null,&quot;privacy_mode&quot;:null,&quot;premmium_gallery_img_info&quot;:&quot;&quot;,&quot;premium_gallery_img_desc&quot;:&quot;&quot;,&quot;premium_gallery_img_category&quot;:&quot;&quot;,&quot;premium_gallery_img_link_type&quot;:&quot;url&quot;,&quot;premium_gallery_img_link&quot;:{&quot;url&quot;:&quot;&quot;,&quot;is_external&quot;:&quot;&quot;,&quot;nofollow&quot;:&quot;&quot;,&quot;custom_attributes&quot;:&quot;&quot;},&quot;premium_gallery_img_existing&quot;:null,&quot;premium_gallery_link_whole&quot;:&quot;&quot;,&quot;premium_gallery_lightbox_whole&quot;:&quot;&quot;},{&quot;premium_gallery_img&quot;:{&quot;url&quot;:&quot;https:\\\/\\\/focused-fuchsia-sloth.173-249-54-60.cpanel.site\\\/wp-content\\\/uploads\\\/2026\\\/04\\\/TALLER-OFIMATICA_FOTO_02-scaled.jpg&quot;,&quot;id&quot;:3997,&quot;size&quot;:&quot;&quot;,&quot;alt&quot;:&quot;&quot;,&quot;source&quot;:&quot;library&quot;},&quot;premium_gallery_img_name&quot;:&quot;Inicio del Periodo Academico_2026_I&quot;,&quot;_id&quot;:&quot;2939569&quot;,&quot;premium_gallery_image_cell&quot;:{&quot;unit&quot;:&quot;px&quot;,&quot;size&quot;:4,&quot;sizes&quot;:[]},&quot;premium_gallery_image_cell_tablet&quot;:{&quot;unit&quot;:&quot;px&quot;,&quot;size&quot;:&quot;&quot;,&quot;sizes&quot;:[]},&quot;premium_gallery_image_cell_mobile&quot;:{&quot;unit&quot;:&quot;px&quot;,&quot;size&quot;:&quot;&quot;,&quot;sizes&quot;:[]},&quot;premium_gallery_image_vcell&quot;:{&quot;unit&quot;:&quot;px&quot;,&quot;size&quot;:4,&quot;sizes&quot;:[]},&quot;premium_gallery_image_vcell_tablet&quot;:{&quot;unit&quot;:&quot;px&quot;,&quot;size&quot;:&quot;&quot;,&quot;sizes&quot;:[]},&quot;premium_gallery_image_vcell_mobile&quot;:{&quot;unit&quot;:&quot;px&quot;,&quot;size&quot;:&quot;&quot;,&quot;sizes&quot;:[]},&quot;premium_gallery_video&quot;:&quot;&quot;,&quot;premium_gallery_video_type&quot;:null,&quot;premium_gallery_video_url&quot;:null,&quot;premium_gallery_video_self&quot;:null,&quot;premium_gallery_video_self_url&quot;:null,&quot;premium_gallery_video_controls&quot;:null,&quot;premium_gallery_video_mute&quot;:null,&quot;premium_gallery_video_loop&quot;:null,&quot;download_button&quot;:null,&quot;privacy_mode&quot;:null,&quot;premmium_gallery_img_info&quot;:&quot;&quot;,&quot;premium_gallery_img_desc&quot;:&quot;&quot;,&quot;premium_gallery_img_category&quot;:&quot;&quot;,&quot;premium_gallery_img_link_type&quot;:&quot;url&quot;,&quot;premium_gallery_img_link&quot;:{&quot;url&quot;:&quot;&quot;,&quot;is_external&quot;:&quot;&quot;,&quot;nofollow&quot;:&quot;&quot;,&quot;custom_attributes&quot;:&quot;&quot;},&quot;premium_gallery_img_existing&quot;:null,&quot;premium_gallery_link_whole&quot;:&quot;&quot;,&quot;premium_gallery_lightbox_whole&quot;:&quot;&quot;},{&quot;premium_gallery_img&quot;:{&quot;url&quot;:&quot;https:\\\/\\\/focused-fuchsia-sloth.173-249-54-60.cpanel.site\\\/wp-content\\\/uploads\\\/2026\\\/04\\\/TALLER-OFIMATICA_FOTO_01-scaled.jpg&quot;,&quot;id&quot;:3994,&quot;size&quot;:&quot;&quot;,&quot;alt&quot;:&quot;&quot;,&quot;source&quot;:&quot;library&quot;},&quot;premium_gallery_img_name&quot;:&quot;Inicio del Periodo Academico_2026_I&quot;,&quot;_id&quot;:&quot;c077184&quot;,&quot;premium_gallery_image_cell&quot;:{&quot;unit&quot;:&quot;px&quot;,&quot;size&quot;:4,&quot;sizes&quot;:[]},&quot;premium_gallery_image_cell_tablet&quot;:{&quot;unit&quot;:&quot;px&quot;,&quot;size&quot;:&quot;&quot;,&quot;sizes&quot;:[]},&quot;premium_gallery_image_cell_mobile&quot;:{&quot;unit&quot;:&quot;px&quot;,&quot;size&quot;:&quot;&quot;,&quot;sizes&quot;:[]},&quot;premium_gallery_image_vcell&quot;:{&quot;unit&quot;:&quot;px&quot;,&quot;size&quot;:4,&quot;sizes&quot;:[]},&quot;premium_gallery_image_vcell_tablet&quot;:{&quot;unit&quot;:&quot;px&quot;,&quot;size&quot;:&quot;&quot;,&quot;sizes&quot;:[]},&quot;premium_gallery_image_vcell_mobile&quot;:{&quot;unit&quot;:&quot;px&quot;,&quot;size&quot;:&quot;&quot;,&quot;sizes&quot;:[]},&quot;premium_gallery_video&quot;:&quot;&quot;,&quot;premium_gallery_video_type&quot;:null,&quot;premium_gallery_video_url&quot;:null,&quot;premium_gallery_video_self&quot;:null,&quot;premium_gallery_video_self_url&quot;:null,&quot;premium_gallery_video_controls&quot;:null,&quot;premium_gallery_video_mute&quot;:null,&quot;premium_gallery_video_loop&quot;:null,&quot;download_button&quot;:null,&quot;privacy_mode&quot;:null,&quot;premmium_gallery_img_info&quot;:&quot;&quot;,&quot;premium_gallery_img_desc&quot;:&quot;&quot;,&quot;premium_gallery_img_category&quot;:&quot;&quot;,&quot;premium_gallery_img_link_type&quot;:&quot;url&quot;,&quot;premium_gallery_img_link&quot;:{&quot;url&quot;:&quot;&quot;,&quot;is_external&quot;:&quot;&quot;,&quot;nofollow&quot;:&quot;&quot;,&quot;custom_attributes&quot;:&quot;&quot;},&quot;premium_gallery_img_existing&quot;:null,&quot;premium_gallery_link_whole&quot;:&quot;&quot;,&quot;premium_gallery_lightbox_whole&quot;:&quot;&quot;}]}\" data-widget_type=\"premium-img-gallery.default\">\n\t\t\t\t<div class=\"elementor-widget-container\">\n\t\t\t\t\t\n\t<div id=\"premium-img-gallery-aa0aa50\" class=\"elementor-invisible premium-img-gallery premium-img-gallery-fitRows zoomin\">\n\t\t\n\t\t<div class=\"premium-gallery-container\" data-settings=\"{&quot;img_size&quot;:&quot;fitRows&quot;,&quot;filter&quot;:&quot;&quot;,&quot;theme&quot;:null,&quot;active_cat&quot;:&quot;*&quot;,&quot;ltr_mode&quot;:true,&quot;shuffle&quot;:false,&quot;sort_by&quot;:&quot;original-order&quot;,&quot;skin&quot;:&quot;style2&quot;,&quot;light_box&quot;:&quot;yes&quot;,&quot;lightbox_type&quot;:&quot;yes&quot;,&quot;overlay&quot;:false}\">\n\n\t\t\t\t\t\t\t<div class=\"premium-gallery-item elementor-repeater-item-90a35dd \">\n\t\t\t\t<div class=\"pa-gallery-img style2\" onclick=\"\">\n\t\t\t\t\t<div class=\"pa-gallery-img-container\">\n\t\t\t\t\t\t\t\t<img decoding=\"async\" src=\"https:\/\/focused-fuchsia-sloth.173-249-54-60.cpanel.site\/wp-content\/uploads\/2026\/04\/TALLER-OFIMATICA_FOTO_03-scaled.jpg\" title=\"TALLER OFIMATICA_FOTO_03\" alt=\"TALLER OFIMATICA_FOTO_03\" loading=\"lazy\" \/>\t\t\t\t\t\t\t<\/div>\n\t\t\t\t\t\t\t\t\t\t\t<div class=\"pa-gallery-icons-caption-container\">\n\t\t\t\t\t\t\t<div class=\"pa-gallery-icons-caption-cell\">\n\t\t\t\t\t\t\t\t\n\t\t\t\t\t<a class=\"pa-gallery-magnific-image\" href=\"https:\/\/focused-fuchsia-sloth.173-249-54-60.cpanel.site\/wp-content\/uploads\/2026\/04\/TALLER-OFIMATICA_FOTO_03-scaled.jpg\" data-elementor-open-lightbox=\"yes\" data-elementor-lightbox-slideshow=\"aa0aa50\" data-elementor-lightbox-title=\"TALLER OFIMATICA_FOTO_03\">\n\t\t\t\t\t\t<span>\n\t\t\t\t\t\t\t<svg aria-hidden=\"true\" class=\"e-font-icon-svg e-fas-search\" viewBox=\"0 0 512 512\" xmlns=\"http:\/\/www.w3.org\/2000\/svg\"><path d=\"M505 442.7L405.3 343c-4.5-4.5-10.6-7-17-7H372c27.6-35.3 44-79.7 44-128C416 93.1 322.9 0 208 0S0 93.1 0 208s93.1 208 208 208c48.3 0 92.7-16.4 128-44v16.3c0 6.4 2.5 12.5 7 17l99.7 99.7c9.4 9.4 24.6 9.4 33.9 0l28.3-28.3c9.4-9.4 9.4-24.6.1-34zM208 336c-70.7 0-128-57.2-128-128 0-70.7 57.2-128 128-128 70.7 0 128 57.2 128 128 0 70.7-57.2 128-128 128z\"><\/path><\/svg>\t\t\t\t\t\t<\/span>\n\t\t\t\t\t<\/a>\n\t\t\t\t\t\t\t<div class=\"premium-gallery-caption\">\n\n\t\t\t\t\t\t\t\t\t<span class=\"premium-gallery-img-name\">Inicio del Periodo Academico_2026_I<\/span>\n\t\t\t\t\t\n\t\t\t<\/div>\n\t\t\t\t\t\t\t\t\t\t<\/div>\n\t\t\t\t\t\t<\/div>\n\t\t\t\t\t\t\t\t\t\t<\/div>\n\t\t\t<\/div>\n\t\t\t\t\t\t\t<div class=\"premium-gallery-item elementor-repeater-item-2939569 \">\n\t\t\t\t<div class=\"pa-gallery-img style2\" onclick=\"\">\n\t\t\t\t\t<div class=\"pa-gallery-img-container\">\n\t\t\t\t\t\t\t\t<img decoding=\"async\" src=\"https:\/\/focused-fuchsia-sloth.173-249-54-60.cpanel.site\/wp-content\/uploads\/2026\/04\/TALLER-OFIMATICA_FOTO_02-scaled.jpg\" title=\"TALLER OFIMATICA_FOTO_02\" alt=\"TALLER OFIMATICA_FOTO_02\" loading=\"lazy\" \/>\t\t\t\t\t\t\t<\/div>\n\t\t\t\t\t\t\t\t\t\t\t<div class=\"pa-gallery-icons-caption-container\">\n\t\t\t\t\t\t\t<div class=\"pa-gallery-icons-caption-cell\">\n\t\t\t\t\t\t\t\t\n\t\t\t\t\t<a class=\"pa-gallery-magnific-image\" href=\"https:\/\/focused-fuchsia-sloth.173-249-54-60.cpanel.site\/wp-content\/uploads\/2026\/04\/TALLER-OFIMATICA_FOTO_02-scaled.jpg\" data-elementor-open-lightbox=\"yes\" data-elementor-lightbox-slideshow=\"aa0aa50\" data-elementor-lightbox-title=\"TALLER OFIMATICA_FOTO_02\">\n\t\t\t\t\t\t<span>\n\t\t\t\t\t\t\t<svg aria-hidden=\"true\" class=\"e-font-icon-svg e-fas-search\" viewBox=\"0 0 512 512\" xmlns=\"http:\/\/www.w3.org\/2000\/svg\"><path d=\"M505 442.7L405.3 343c-4.5-4.5-10.6-7-17-7H372c27.6-35.3 44-79.7 44-128C416 93.1 322.9 0 208 0S0 93.1 0 208s93.1 208 208 208c48.3 0 92.7-16.4 128-44v16.3c0 6.4 2.5 12.5 7 17l99.7 99.7c9.4 9.4 24.6 9.4 33.9 0l28.3-28.3c9.4-9.4 9.4-24.6.1-34zM208 336c-70.7 0-128-57.2-128-128 0-70.7 57.2-128 128-128 70.7 0 128 57.2 128 128 0 70.7-57.2 128-128 128z\"><\/path><\/svg>\t\t\t\t\t\t<\/span>\n\t\t\t\t\t<\/a>\n\t\t\t\t\t\t\t<div class=\"premium-gallery-caption\">\n\n\t\t\t\t\t\t\t\t\t<span class=\"premium-gallery-img-name\">Inicio del Periodo Academico_2026_I<\/span>\n\t\t\t\t\t\n\t\t\t<\/div>\n\t\t\t\t\t\t\t\t\t\t<\/div>\n\t\t\t\t\t\t<\/div>\n\t\t\t\t\t\t\t\t\t\t<\/div>\n\t\t\t<\/div>\n\t\t\t\t\t\t\t<div class=\"premium-gallery-item elementor-repeater-item-c077184 \">\n\t\t\t\t<div class=\"pa-gallery-img style2\" onclick=\"\">\n\t\t\t\t\t<div class=\"pa-gallery-img-container\">\n\t\t\t\t\t\t\t\t<img decoding=\"async\" src=\"https:\/\/focused-fuchsia-sloth.173-249-54-60.cpanel.site\/wp-content\/uploads\/2026\/04\/TALLER-OFIMATICA_FOTO_01-scaled.jpg\" title=\"TALLER OFIMATICA_FOTO_01\" alt=\"TALLER OFIMATICA_FOTO_01\" loading=\"lazy\" \/>\t\t\t\t\t\t\t<\/div>\n\t\t\t\t\t\t\t\t\t\t\t<div class=\"pa-gallery-icons-caption-container\">\n\t\t\t\t\t\t\t<div class=\"pa-gallery-icons-caption-cell\">\n\t\t\t\t\t\t\t\t\n\t\t\t\t\t<a class=\"pa-gallery-magnific-image\" href=\"https:\/\/focused-fuchsia-sloth.173-249-54-60.cpanel.site\/wp-content\/uploads\/2026\/04\/TALLER-OFIMATICA_FOTO_01-scaled.jpg\" data-elementor-open-lightbox=\"yes\" data-elementor-lightbox-slideshow=\"aa0aa50\" data-elementor-lightbox-title=\"TALLER OFIMATICA_FOTO_01\">\n\t\t\t\t\t\t<span>\n\t\t\t\t\t\t\t<svg aria-hidden=\"true\" class=\"e-font-icon-svg e-fas-search\" viewBox=\"0 0 512 512\" xmlns=\"http:\/\/www.w3.org\/2000\/svg\"><path d=\"M505 442.7L405.3 343c-4.5-4.5-10.6-7-17-7H372c27.6-35.3 44-79.7 44-128C416 93.1 322.9 0 208 0S0 93.1 0 208s93.1 208 208 208c48.3 0 92.7-16.4 128-44v16.3c0 6.4 2.5 12.5 7 17l99.7 99.7c9.4 9.4 24.6 9.4 33.9 0l28.3-28.3c9.4-9.4 9.4-24.6.1-34zM208 336c-70.7 0-128-57.2-128-128 0-70.7 57.2-128 128-128 70.7 0 128 57.2 128 128 0 70.7-57.2 128-128 128z\"><\/path><\/svg>\t\t\t\t\t\t<\/span>\n\t\t\t\t\t<\/a>\n\t\t\t\t\t\t\t<div class=\"premium-gallery-caption\">\n\n\t\t\t\t\t\t\t\t\t<span class=\"premium-gallery-img-name\">Inicio del Periodo Academico_2026_I<\/span>\n\t\t\t\t\t\n\t\t\t<\/div>\n\t\t\t\t\t\t\t\t\t\t<\/div>\n\t\t\t\t\t\t<\/div>\n\t\t\t\t\t\t\t\t\t\t<\/div>\n\t\t\t<\/div>\n\t\t\t\n\t\t\t\t\t<\/div>\n\n\t\t\n\t<\/div>\n\n\t\t\n\t\t\n\t\t\t\t\t\t<\/div>\n\t\t\t\t<\/div>\n\t\t\t\t\t<\/div>\n\t\t\t\t<\/div>\n\t\t\t\t<\/div>\n\t\t\t\t\t<\/div>\n\t\t\t\t<\/div>\n\t\t\t\t<\/div>\n\t\t","protected":false},"excerpt":{"rendered":"<p>IESPPA &#8211; 2026 &#8211; I Desarrollo del Taller de OFIMATICA Desarrollo del Taller de Ofim\u00e1tica de forma practica y din\u00e1mica aplicando herramientas digitales en situaciones reales del entorno profesional. Cada actividad fortalece competencias digitales clave que en la actualidad son indispensables para destacar en cualquier campo laboral.Esto reci\u00e9n comienza: Prep\u00e1rate para las pr\u00f3ximas capacitaciones y [&hellip;]<\/p>\n","protected":false},"author":2,"featured_media":3994,"comment_status":"closed","ping_status":"closed","sticky":false,"template":"","format":"standard","meta":{"footnotes":""},"categories":[5],"tags":[],"class_list":["post-3993","post","type-post","status-publish","format-standard","has-post-thumbnail","hentry","category-capacitaciones"],"_links":{"self":[{"href":"https:\/\/focused-fuchsia-sloth.173-249-54-60.cpanel.site\/index.php?rest_route=\/wp\/v2\/posts\/3993","targetHints":{"allow":["GET"]}}],"collection":[{"href":"https:\/\/focused-fuchsia-sloth.173-249-54-60.cpanel.site\/index.php?rest_route=\/wp\/v2\/posts"}],"about":[{"href":"https:\/\/focused-fuchsia-sloth.173-249-54-60.cpanel.site\/index.php?rest_route=\/wp\/v2\/types\/post"}],"author":[{"embeddable":true,"href":"https:\/\/focused-fuchsia-sloth.173-249-54-60.cpanel.site\/index.php?rest_route=\/wp\/v2\/users\/2"}],"replies":[{"embeddable":true,"href":"https:\/\/focused-fuchsia-sloth.173-249-54-60.cpanel.site\/index.php?rest_route=%2Fwp%2Fv2%2Fcomments&post=3993"}],"version-history":[{"count":4,"href":"https:\/\/focused-fuchsia-sloth.173-249-54-60.cpanel.site\/index.php?rest_route=\/wp\/v2\/posts\/3993\/revisions"}],"predecessor-version":[{"id":4001,"href":"https:\/\/focused-fuchsia-sloth.173-249-54-60.cpanel.site\/index.php?rest_route=\/wp\/v2\/posts\/3993\/revisions\/4001"}],"wp:featuredmedia":[{"embeddable":true,"href":"https:\/\/focused-fuchsia-sloth.173-249-54-60.cpanel.site\/index.php?rest_route=\/wp\/v2\/media\/3994"}],"wp:attachment":[{"href":"https:\/\/focused-fuchsia-sloth.173-249-54-60.cpanel.site\/index.php?rest_route=%2Fwp%2Fv2%2Fmedia&parent=3993"}],"wp:term":[{"taxonomy":"category","embeddable":true,"href":"https:\/\/focused-fuchsia-sloth.173-249-54-60.cpanel.site\/index.php?rest_route=%2Fwp%2Fv2%2Fcategories&post=3993"},{"taxonomy":"post_tag","embeddable":true,"href":"https:\/\/focused-fuchsia-sloth.173-249-54-60.cpanel.site\/index.php?rest_route=%2Fwp%2Fv2%2Ftags&post=3993"}],"curies":[{"name":"wp","href":"https:\/\/api.w.org\/{rel}","templated":true}]}}