{"id":934,"date":"2024-05-21T01:59:57","date_gmt":"2024-05-21T06:59:57","guid":{"rendered":"https:\/\/iespadreabad.edu.pe\/\/?p=934"},"modified":"2025-05-29T19:37:11","modified_gmt":"2025-05-30T00:37:11","slug":"homenaje-y-celebracion-24-aniversario-i-e-s-p-padre-abad","status":"publish","type":"post","link":"https:\/\/focused-fuchsia-sloth.173-249-54-60.cpanel.site\/?p=934","title":{"rendered":"HOMENAJE Y CELEBRACI\u00d3N 24 ANIVERSARIO I.E.S.P PADRE ABAD"},"content":{"rendered":"\n<p>El d\u00eda mi\u00e9rcoles 17 de abril se llev\u00f3 a cabo una velada art\u00edstica con la participaci\u00f3n de todos los estudiantes y docentes del Instituto, quienes muy contentos participaron en la ceremonia de celebraci\u00f3n por motivo de los 24 a\u00f1os de vida institucional. La ceremonia estuvo dirigida por los Docentes&nbsp;<a href=\"https:\/\/web.facebook.com\/groups\/878307312238396\/user\/1830279101\/?__cft__[0]=AZVTQNqV0dX1Ff2_rS16oXyNdfk4pxbSh-NznZVKYs4RIG0cNnt3mUBxDxrb2orSsx5bqyfeRXyW_ycPdWbIx6nXMCxyD9LVP0G7E_SwF-mm_t6zCmFXswa2BKlggkthY0eYdWk8GAEysc1S45KOxso5nCJmrPmkN85Rwtpgg48qsnOYzhLIOka9DzO-57SbWwx6i31DIiElKHdGNoXy-v47&amp;__tn__=-]K-R\">Ysaac Castro Ramirez<\/a>&nbsp;y Juli\u00f1o Edu LLanto con la masiva participaci\u00f3n de toda la comunidad educativa.<\/p>\n\n\n\n<p>24 a\u00f1os de \u00e9xitos y la b\u00fasqueda constante de la calidad en todos los procesos institucionales.<\/p>\n\n\n\n<p>FELIZ 24 A\u00d1OS IES P\u00daBLICO PADRE ABAB.<\/p>\n\n\n\n<figure class=\"wp-block-gallery has-nested-images columns-default is-cropped wp-block-gallery-1 is-layout-flex wp-block-gallery-is-layout-flex\">\n<figure class=\"wp-block-image size-large is-style-default\"><img fetchpriority=\"high\" decoding=\"async\" width=\"2048\" height=\"1153\" data-id=\"940\" src=\"https:\/\/focused-fuchsia-sloth.173-249-54-60.cpanel.site\/\/wp-content\/uploads\/2024\/05\/2.jpg\" alt=\"\" class=\"wp-image-940\"\/><\/figure>\n\n\n\n<figure class=\"wp-block-image size-large\"><img decoding=\"async\" width=\"2048\" height=\"1153\" data-id=\"942\" src=\"https:\/\/focused-fuchsia-sloth.173-249-54-60.cpanel.site\/\/wp-content\/uploads\/2024\/05\/1.jpg\" alt=\"\" class=\"wp-image-942\"\/><\/figure>\n\n\n\n<figure class=\"wp-block-image size-large\"><img decoding=\"async\" width=\"2048\" height=\"1153\" data-id=\"945\" src=\"https:\/\/focused-fuchsia-sloth.173-249-54-60.cpanel.site\/\/wp-content\/uploads\/2024\/05\/6.jpg\" alt=\"\" class=\"wp-image-945\"\/><\/figure>\n\n\n\n<figure class=\"wp-block-image size-large\"><img loading=\"lazy\" decoding=\"async\" width=\"2048\" height=\"1153\" data-id=\"941\" src=\"https:\/\/focused-fuchsia-sloth.173-249-54-60.cpanel.site\/\/wp-content\/uploads\/2024\/05\/5.jpg\" alt=\"\" class=\"wp-image-941\"\/><\/figure>\n\n\n\n<figure class=\"wp-block-image size-large\"><img loading=\"lazy\" decoding=\"async\" width=\"2048\" height=\"1153\" data-id=\"944\" src=\"https:\/\/focused-fuchsia-sloth.173-249-54-60.cpanel.site\/\/wp-content\/uploads\/2024\/05\/4.jpg\" alt=\"\" class=\"wp-image-944\"\/><\/figure>\n\n\n\n<figure class=\"wp-block-image size-large\"><img loading=\"lazy\" decoding=\"async\" width=\"2048\" height=\"1153\" data-id=\"943\" src=\"https:\/\/focused-fuchsia-sloth.173-249-54-60.cpanel.site\/\/wp-content\/uploads\/2024\/05\/3.jpg\" alt=\"\" class=\"wp-image-943\"\/><\/figure>\n<\/figure>\n","protected":false},"excerpt":{"rendered":"<p>El d\u00eda mi\u00e9rcoles 17 de abril se llev\u00f3 a cabo una velada art\u00edstica con la participaci\u00f3n de todos los estudiantes y docentes del Instituto, quienes muy contentos participaron en la ceremonia de celebraci\u00f3n por motivo de los 24 a\u00f1os de vida institucional. La ceremonia estuvo dirigida por los Docentes&nbsp;Ysaac Castro Ramirez&nbsp;y Juli\u00f1o Edu LLanto con [&hellip;]<\/p>\n","protected":false},"author":1,"featured_media":945,"comment_status":"closed","ping_status":"closed","sticky":false,"template":"elementor_theme","format":"standard","meta":{"footnotes":""},"categories":[7],"tags":[],"class_list":["post-934","post","type-post","status-publish","format-standard","has-post-thumbnail","hentry","category-eventos"],"_links":{"self":[{"href":"https:\/\/focused-fuchsia-sloth.173-249-54-60.cpanel.site\/index.php?rest_route=\/wp\/v2\/posts\/934","targetHints":{"allow":["GET"]}}],"collection":[{"href":"https:\/\/focused-fuchsia-sloth.173-249-54-60.cpanel.site\/index.php?rest_route=\/wp\/v2\/posts"}],"about":[{"href":"https:\/\/focused-fuchsia-sloth.173-249-54-60.cpanel.site\/index.php?rest_route=\/wp\/v2\/types\/post"}],"author":[{"embeddable":true,"href":"https:\/\/focused-fuchsia-sloth.173-249-54-60.cpanel.site\/index.php?rest_route=\/wp\/v2\/users\/1"}],"replies":[{"embeddable":true,"href":"https:\/\/focused-fuchsia-sloth.173-249-54-60.cpanel.site\/index.php?rest_route=%2Fwp%2Fv2%2Fcomments&post=934"}],"version-history":[{"count":2,"href":"https:\/\/focused-fuchsia-sloth.173-249-54-60.cpanel.site\/index.php?rest_route=\/wp\/v2\/posts\/934\/revisions"}],"predecessor-version":[{"id":946,"href":"https:\/\/focused-fuchsia-sloth.173-249-54-60.cpanel.site\/index.php?rest_route=\/wp\/v2\/posts\/934\/revisions\/946"}],"wp:featuredmedia":[{"embeddable":true,"href":"https:\/\/focused-fuchsia-sloth.173-249-54-60.cpanel.site\/index.php?rest_route=\/wp\/v2\/media\/945"}],"wp:attachment":[{"href":"https:\/\/focused-fuchsia-sloth.173-249-54-60.cpanel.site\/index.php?rest_route=%2Fwp%2Fv2%2Fmedia&parent=934"}],"wp:term":[{"taxonomy":"category","embeddable":true,"href":"https:\/\/focused-fuchsia-sloth.173-249-54-60.cpanel.site\/index.php?rest_route=%2Fwp%2Fv2%2Fcategories&post=934"},{"taxonomy":"post_tag","embeddable":true,"href":"https:\/\/focused-fuchsia-sloth.173-249-54-60.cpanel.site\/index.php?rest_route=%2Fwp%2Fv2%2Ftags&post=934"}],"curies":[{"name":"wp","href":"https:\/\/api.w.org\/{rel}","templated":true}]}}